{"id":10217,"date":"2026-01-31T17:32:00","date_gmt":"2026-01-31T17:32:00","guid":{"rendered":"https:\/\/ockendenmatdev.wpenginepowered.com\/cile-2026-nucenameya-nuvekirine\/"},"modified":"2026-03-24T14:03:27","modified_gmt":"2026-03-24T14:03:27","slug":"cile-2026-nucenameya-nuvekirine","status":"publish","type":"post","link":"https:\/\/www.ockendenmaternityreview.org.uk\/ku\/cile-2026-nucenameya-nuvekirine\/","title":{"rendered":"\u00c7ile 2026 &#8211; N\u00fb\u00e7enameya N\u00fbvekirin\u00ea"},"content":{"rendered":"\n<p><a href=\"https:\/\/www.ockendenmaternityreview.org.uk\/wp-content\/uploads\/2026\/02\/January-2026-newsletter.pdf\">\u062f\u0627\u06af\u0631\u062a\u0646\u06cc \u0647\u06d5\u0648\u0627\u06b5\u0646\u0627\u0645\u06d5 PDF<\/a><\/p>\n\n<div style=\"height:30px\" aria-hidden=\"true\" class=\"wp-block-spacer\"><\/div>\n\n<h2 class=\"wp-block-heading\">Sipas ji were<\/h2>\n\n<p>Spas ji hem\u00fb malbat\u00ean ku kar\u00een be\u015fdar\u00ee civ\u00eena malbat\u00ea ya roja \u015eemiy\u00ea 17\u00ea \u00c7ile bibin. Donna Ockenden, Seroka Nirxandin\u00ea, li ser p\u00ea\u015fve\u00e7\u00fbna Nirxandin\u00ea agah\u00ee da \u00fb agahdar\u00ee da ka di beriya we\u015fandina rapor\u00ea de (Hez\u00eerana 2026) \u00e7i t\u00ea h\u00eav\u00eekirin. Konseya Gi\u015ft\u00ee ya Piz\u00ee\u015fk\u00ee (GMC) \u00fb Konseya Hem\u015f\u00eeret\u00ee \u00fb P\u00eerikiy\u00ea (NMC) li ser ti\u015ft\u00ean ku ji civ\u00eena daw\u00ee ya malbat\u00ea ve p\u00eak an\u00eene, agah\u00ee dan. Malbatan li ser qurbaniy\u00ean duyem\u00een \u00fb ba\u015ftirkirina park\u00ean l\u00eestik\u00ea axiv\u00een da ku ew ji bo hem\u00ee zarokan bigih\u00eejin wan. Donna niha bi Lijneya L\u00eanih\u00ear\u00eena Yekgirt\u00ee (ICB) re di axaftin\u00ea de ye li ser heyama ku Xizmeta Pi\u015ftgiriya Der\u00fbn\u00ee ya Malbat\u00ea (FPSS) d\u00ea ji bo w\u00ea berdewam bike, da ku pi\u015ftrast bike ku ew berdewam dike ku hewcedariy\u00ean malbat\u00ea bic\u00eeh b\u00eene, tewra pi\u015ft\u00ee we\u015fandina Nirxandin\u00ea j\u00ee.    <\/p>\n\n<div style=\"height:30px\" aria-hidden=\"true\" class=\"wp-block-spacer\"><\/div>\n\n<h2 class=\"wp-block-heading\">Guhdar\u00eekirina n\u00ear\u00een\u00ean we<\/h2>\n\n<p>Em dizanin ku gelek malbat an nikarin be\u015fdar bibin, an naxwazin be\u015fdar bibin, an j\u00ee h\u00ees nakin ku dikarin be\u015fdar\u00ee civ\u00een\u00ean malbat\u00ee bibin. Em naxwazin ku ti malbat h\u00ees bike ku ew ji agahiy\u00ean gir\u00eeng b\u00eapar dim\u00eenin, ji ber v\u00ea yek\u00ea em pabend in ku slayt\u00ean PowerPoint li ser <a href=\"https:\/\/www.ockendenmaternityreview.org.uk\/events\/\">malper\u00ea<\/a> biwe\u015f\u00eenin. Pol\u00ees\u00ea Nottinghamshire (Op Perth) slayt\u00ean xwe li ser portal\u00ea we\u015fandine. Em \u00ea heta Kan\u00fbna 2026an her 8 hefteyan carek\u00ea civ\u00een\u00ean malbat\u00ee li dar bixin.   <\/p>\n\n<div style=\"height:30px\" aria-hidden=\"true\" class=\"wp-block-spacer\"><\/div>\n\n<h2 class=\"wp-block-heading\">T\u00eakiliya Civak\u00ee  <\/h2>\n\n<p>Roja Yek\u015fem\u00ea 18\u00ea \u00c7ile, Donna Ockenden be\u015fdar\u00ee \u00e7ar xizmet\u00ean d\u00ear\u00ea li seranser\u00ea D\u00ear\u00ean ku Piraniya Re\u015fan R\u00eaber dikin b\u00fb. Ji bo Nirxandin\u00ea gir\u00eeng e ku em bi hem\u00ee kom\u00ean civak\u00ee y\u00ean li seranser\u00ea Nottinghamshire re t\u00eakil\u00ee daynin da ku pi\u015ftrast bikin ku hem\u00ee deng bi r\u00eaya Nirxandin\u00ea t\u00eane bih\u00eestin \u00fb bilind kirin \u00fb em \u00ea pi\u015ft\u00ee we\u015fan\u00ea bi kom\u00ean civak\u00ee re t\u00eakil\u00ee daynin da ku pi\u015ftrast bikin ku ba\u015fkirin\u00ean ku hewcedariy\u00ean nif\u00fbs\u00ea n\u00ee\u015fan didin li Weqf\u00ea t\u00eane kirin. <\/p>\n\n<div style=\"height:30px\" aria-hidden=\"true\" class=\"wp-block-spacer\"><\/div>\n\n<h2 class=\"wp-block-heading\">Nirxandina Malbat\u00ea<\/h2>\n\n<p>Gelek malbatan di derbar\u00ea Nirxandina Malbat\u00ean xwe de ji T\u00eema Nirxandin\u00ea pirs kirine &#8211; ev t\u00ea \u00e7i watey\u00ea? Ew \u00ea keng\u00ee ner\u00eena xwe bist\u00eenin? Rapor d\u00ea keng\u00ee were we\u015fandin? Nirxandina Malbatan d\u00ea pi\u015ft\u00ee we\u015fandina rapor\u00ea (Hez\u00eerana 2026) bi malbatan re were parvekirin. Em h\u00eav\u00ee dikin ku heta dawiya \u00celona 2026an hem\u00ee Nirxandin\u00ean Malbatan bi\u015f\u00eenin. Em \u00ea malbatan ji we\u015fandina rapor\u00ea agahdar bikin, \u00fb ji bo wan malbat\u00ean ku naxwazin v\u00ea ner\u00een\u00ea bist\u00eenin, d\u00ea agahdar\u00ee li ser ka meriv \u00e7awa ji wergirtina ner\u00eena malbatan veki\u015fe peyda bikin.     <\/p>\n\n<div style=\"height:30px\" aria-hidden=\"true\" class=\"wp-block-spacer\"><\/div>\n\n<h2 class=\"wp-block-heading\">Civ\u00eena Malbat\u00ea &#8211; \u015eem\u00ee 21\u00ea Adara 2026an<\/h2>\n\n<p>Civ\u00eena malbat\u00ea ya b\u00ea d\u00ea roja \u015eemiy\u00ea 21\u00ea Adar\u00ea p\u00eak were. Em h\u00eav\u00ee dikin ku van civ\u00een\u00ean malbat\u00ee her 8 hefteyan carek\u00ea li dar bixin, da ku malbatan beriya we\u015fan\u00ea (Hez\u00eerana 2026) agahdar bim\u00eenin. Em \u00ea van civ\u00eenan heta Kan\u00fbna 2026an bidom\u00eenin.  <\/p>\n\n<p><\/p>\n","protected":false},"excerpt":{"rendered":"<p>\u062f\u0627\u06af\u0631\u062a\u0646\u06cc \u0647\u06d5\u0648\u0627\u06b5\u0646\u0627\u0645\u06d5 PDF Sipas ji were Spas ji hem\u00fb malbat\u00ean ku kar\u00een be\u015fdar\u00ee civ\u00eena malbat\u00ea ya roja \u015eemiy\u00ea 17\u00ea \u00c7ile bibin. Donna Ockenden, Seroka Nirxandin\u00ea, li ser p\u00ea\u015fve\u00e7\u00fbna Nirxandin\u00ea agah\u00ee da \u00fb agahdar\u00ee da ka di beriya we\u015fandina rapor\u00ea de (Hez\u00eerana 2026) \u00e7i t\u00ea h\u00eav\u00eekirin. Konseya Gi\u015ft\u00ee ya Piz\u00ee\u015fk\u00ee (GMC) \u00fb Konseya Hem\u015f\u00eeret\u00ee \u00fb P\u00eerikiy\u00ea &hellip; <a href=\"https:\/\/www.ockendenmaternityreview.org.uk\/ku\/cile-2026-nucenameya-nuvekirine\/\">Continued<\/a><\/p>\n","protected":false},"author":1,"featured_media":0,"comment_status":"open","ping_status":"open","sticky":false,"template":"","format":"standard","meta":{"_acf_changed":false,"footnotes":""},"categories":[132,143],"tags":[],"class_list":["post-10217","post","type-post","status-publish","format-standard","hentry","category-nottingham","category-nucename"],"acf":[],"yoast_head":"<!-- This site is optimized with the Yoast SEO plugin v27.2 - https:\/\/yoast.com\/product\/yoast-seo-wordpress\/ -->\n<title>\u00c7ile 2026 - N\u00fb\u00e7enameya N\u00fbvekirin\u00ea - Ockenden Review<\/title>\n<meta name=\"robots\" content=\"index, follow, max-snippet:-1, max-image-preview:large, max-video-preview:-1\" \/>\n<link rel=\"canonical\" href=\"http:\/\/www.ockendenmaternityreview.org.uk\/ku\/cile-2026-nucenameya-nuvekirine\/\" \/>\n<meta property=\"og:locale\" content=\"en_US\" \/>\n<meta property=\"og:type\" content=\"article\" \/>\n<meta property=\"og:title\" content=\"\u00c7ile 2026 - N\u00fb\u00e7enameya N\u00fbvekirin\u00ea - Ockenden Review\" \/>\n<meta property=\"og:description\" content=\"\u062f\u0627\u06af\u0631\u062a\u0646\u06cc \u0647\u06d5\u0648\u0627\u06b5\u0646\u0627\u0645\u06d5 PDF Sipas ji were Spas ji hem\u00fb malbat\u00ean ku kar\u00een be\u015fdar\u00ee civ\u00eena malbat\u00ea ya roja \u015eemiy\u00ea 17\u00ea \u00c7ile bibin. Donna Ockenden, Seroka Nirxandin\u00ea, li ser p\u00ea\u015fve\u00e7\u00fbna Nirxandin\u00ea agah\u00ee da \u00fb agahdar\u00ee da ka di beriya we\u015fandina rapor\u00ea de (Hez\u00eerana 2026) \u00e7i t\u00ea h\u00eav\u00eekirin. Konseya Gi\u015ft\u00ee ya Piz\u00ee\u015fk\u00ee (GMC) \u00fb Konseya Hem\u015f\u00eeret\u00ee \u00fb P\u00eerikiy\u00ea &hellip; Continued\" \/>\n<meta property=\"og:url\" content=\"http:\/\/www.ockendenmaternityreview.org.uk\/ku\/cile-2026-nucenameya-nuvekirine\/\" \/>\n<meta property=\"og:site_name\" content=\"Ockenden Review\" \/>\n<meta property=\"article:publisher\" content=\"https:\/\/www.facebook.com\/ockendenmaternityreview?mibextid=wwXIfr\" \/>\n<meta property=\"article:published_time\" content=\"2026-01-31T17:32:00+00:00\" \/>\n<meta property=\"article:modified_time\" content=\"2026-03-24T14:03:27+00:00\" \/>\n<meta name=\"author\" content=\"sam.thompson\" \/>\n<meta name=\"twitter:card\" content=\"summary_large_image\" \/>\n<meta name=\"twitter:creator\" content=\"@ockreview\" \/>\n<meta name=\"twitter:site\" content=\"@ockreview\" \/>\n<meta name=\"twitter:label1\" content=\"Written by\" \/>\n\t<meta name=\"twitter:data1\" content=\"sam.thompson\" \/>\n\t<meta name=\"twitter:label2\" content=\"Est. reading time\" \/>\n\t<meta name=\"twitter:data2\" content=\"3 \u062e\u0648\u0644\u06d5\u06a9\" \/>\n<script type=\"application\/ld+json\" class=\"yoast-schema-graph\">{\"@context\":\"https:\/\/schema.org\",\"@graph\":[{\"@type\":\"Article\",\"@id\":\"http:\/\/www.ockendenmaternityreview.org.uk\/ku\/cile-2026-nucenameya-nuvekirine\/#article\",\"isPartOf\":{\"@id\":\"http:\/\/www.ockendenmaternityreview.org.uk\/ku\/cile-2026-nucenameya-nuvekirine\/\"},\"author\":{\"name\":\"sam.thompson\",\"@id\":\"https:\/\/www.ockendenmaternityreview.org.uk\/fa\/#\/schema\/person\/afe53890019b0131d0b5f95ffd4272e8\"},\"headline\":\"\u00c7ile 2026 &#8211; N\u00fb\u00e7enameya N\u00fbvekirin\u00ea\",\"datePublished\":\"2026-01-31T17:32:00+00:00\",\"dateModified\":\"2026-03-24T14:03:27+00:00\",\"mainEntityOfPage\":{\"@id\":\"http:\/\/www.ockendenmaternityreview.org.uk\/ku\/cile-2026-nucenameya-nuvekirine\/\"},\"wordCount\":530,\"commentCount\":0,\"articleSection\":[\"Nottingham\",\"N\u00fb\u00e7ename\"],\"inLanguage\":\"ckb\",\"potentialAction\":[{\"@type\":\"CommentAction\",\"name\":\"Comment\",\"target\":[\"http:\/\/www.ockendenmaternityreview.org.uk\/ku\/cile-2026-nucenameya-nuvekirine\/#respond\"]}]},{\"@type\":\"WebPage\",\"@id\":\"http:\/\/www.ockendenmaternityreview.org.uk\/ku\/cile-2026-nucenameya-nuvekirine\/\",\"url\":\"http:\/\/www.ockendenmaternityreview.org.uk\/ku\/cile-2026-nucenameya-nuvekirine\/\",\"name\":\"\u00c7ile 2026 - N\u00fb\u00e7enameya N\u00fbvekirin\u00ea - Ockenden Review\",\"isPartOf\":{\"@id\":\"https:\/\/www.ockendenmaternityreview.org.uk\/fa\/#website\"},\"datePublished\":\"2026-01-31T17:32:00+00:00\",\"dateModified\":\"2026-03-24T14:03:27+00:00\",\"author\":{\"@id\":\"https:\/\/www.ockendenmaternityreview.org.uk\/fa\/#\/schema\/person\/afe53890019b0131d0b5f95ffd4272e8\"},\"breadcrumb\":{\"@id\":\"http:\/\/www.ockendenmaternityreview.org.uk\/ku\/cile-2026-nucenameya-nuvekirine\/#breadcrumb\"},\"inLanguage\":\"ckb\",\"potentialAction\":[{\"@type\":\"ReadAction\",\"target\":[\"http:\/\/www.ockendenmaternityreview.org.uk\/ku\/cile-2026-nucenameya-nuvekirine\/\"]}]},{\"@type\":\"BreadcrumbList\",\"@id\":\"http:\/\/www.ockendenmaternityreview.org.uk\/ku\/cile-2026-nucenameya-nuvekirine\/#breadcrumb\",\"itemListElement\":[{\"@type\":\"ListItem\",\"position\":1,\"name\":\"Home\",\"item\":\"https:\/\/www.ockendenmaternityreview.org.uk\/ku\/\"},{\"@type\":\"ListItem\",\"position\":2,\"name\":\"\u00c7ile 2026 &#8211; N\u00fb\u00e7enameya N\u00fbvekirin\u00ea\"}]},{\"@type\":\"WebSite\",\"@id\":\"https:\/\/www.ockendenmaternityreview.org.uk\/fa\/#website\",\"url\":\"https:\/\/www.ockendenmaternityreview.org.uk\/fa\/\",\"name\":\"Ockenden Review\",\"description\":\"\",\"potentialAction\":[{\"@type\":\"SearchAction\",\"target\":{\"@type\":\"EntryPoint\",\"urlTemplate\":\"https:\/\/www.ockendenmaternityreview.org.uk\/fa\/?s={search_term_string}\"},\"query-input\":{\"@type\":\"PropertyValueSpecification\",\"valueRequired\":true,\"valueName\":\"search_term_string\"}}],\"inLanguage\":\"ckb\"},{\"@type\":\"Person\",\"@id\":\"https:\/\/www.ockendenmaternityreview.org.uk\/fa\/#\/schema\/person\/afe53890019b0131d0b5f95ffd4272e8\",\"name\":\"sam.thompson\",\"image\":{\"@type\":\"ImageObject\",\"inLanguage\":\"ckb\",\"@id\":\"https:\/\/secure.gravatar.com\/avatar\/6151c61f807190486f9d13d4a43a0c097b77cad064173e1cfbdc24dc2d081674?s=96&d=mm&r=g\",\"url\":\"https:\/\/secure.gravatar.com\/avatar\/6151c61f807190486f9d13d4a43a0c097b77cad064173e1cfbdc24dc2d081674?s=96&d=mm&r=g\",\"contentUrl\":\"https:\/\/secure.gravatar.com\/avatar\/6151c61f807190486f9d13d4a43a0c097b77cad064173e1cfbdc24dc2d081674?s=96&d=mm&r=g\",\"caption\":\"sam.thompson\"},\"sameAs\":[\"http:\/\/www.ockendenmaternityreview.org.uk\"],\"url\":\"https:\/\/www.ockendenmaternityreview.org.uk\/ku\/author\/sam-thompson\/\"}]}<\/script>\n<!-- \/ Yoast SEO plugin. -->","yoast_head_json":{"title":"\u00c7ile 2026 - N\u00fb\u00e7enameya N\u00fbvekirin\u00ea - Ockenden Review","robots":{"index":"index","follow":"follow","max-snippet":"max-snippet:-1","max-image-preview":"max-image-preview:large","max-video-preview":"max-video-preview:-1"},"canonical":"http:\/\/www.ockendenmaternityreview.org.uk\/ku\/cile-2026-nucenameya-nuvekirine\/","og_locale":"en_US","og_type":"article","og_title":"\u00c7ile 2026 - N\u00fb\u00e7enameya N\u00fbvekirin\u00ea - Ockenden Review","og_description":"\u062f\u0627\u06af\u0631\u062a\u0646\u06cc \u0647\u06d5\u0648\u0627\u06b5\u0646\u0627\u0645\u06d5 PDF Sipas ji were Spas ji hem\u00fb malbat\u00ean ku kar\u00een be\u015fdar\u00ee civ\u00eena malbat\u00ea ya roja \u015eemiy\u00ea 17\u00ea \u00c7ile bibin. Donna Ockenden, Seroka Nirxandin\u00ea, li ser p\u00ea\u015fve\u00e7\u00fbna Nirxandin\u00ea agah\u00ee da \u00fb agahdar\u00ee da ka di beriya we\u015fandina rapor\u00ea de (Hez\u00eerana 2026) \u00e7i t\u00ea h\u00eav\u00eekirin. Konseya Gi\u015ft\u00ee ya Piz\u00ee\u015fk\u00ee (GMC) \u00fb Konseya Hem\u015f\u00eeret\u00ee \u00fb P\u00eerikiy\u00ea &hellip; Continued","og_url":"http:\/\/www.ockendenmaternityreview.org.uk\/ku\/cile-2026-nucenameya-nuvekirine\/","og_site_name":"Ockenden Review","article_publisher":"https:\/\/www.facebook.com\/ockendenmaternityreview?mibextid=wwXIfr","article_published_time":"2026-01-31T17:32:00+00:00","article_modified_time":"2026-03-24T14:03:27+00:00","author":"sam.thompson","twitter_card":"summary_large_image","twitter_creator":"@ockreview","twitter_site":"@ockreview","twitter_misc":{"Written by":"sam.thompson","Est. reading time":"3 \u062e\u0648\u0644\u06d5\u06a9"},"schema":{"@context":"https:\/\/schema.org","@graph":[{"@type":"Article","@id":"http:\/\/www.ockendenmaternityreview.org.uk\/ku\/cile-2026-nucenameya-nuvekirine\/#article","isPartOf":{"@id":"http:\/\/www.ockendenmaternityreview.org.uk\/ku\/cile-2026-nucenameya-nuvekirine\/"},"author":{"name":"sam.thompson","@id":"https:\/\/www.ockendenmaternityreview.org.uk\/fa\/#\/schema\/person\/afe53890019b0131d0b5f95ffd4272e8"},"headline":"\u00c7ile 2026 &#8211; N\u00fb\u00e7enameya N\u00fbvekirin\u00ea","datePublished":"2026-01-31T17:32:00+00:00","dateModified":"2026-03-24T14:03:27+00:00","mainEntityOfPage":{"@id":"http:\/\/www.ockendenmaternityreview.org.uk\/ku\/cile-2026-nucenameya-nuvekirine\/"},"wordCount":530,"commentCount":0,"articleSection":["Nottingham","N\u00fb\u00e7ename"],"inLanguage":"ckb","potentialAction":[{"@type":"CommentAction","name":"Comment","target":["http:\/\/www.ockendenmaternityreview.org.uk\/ku\/cile-2026-nucenameya-nuvekirine\/#respond"]}]},{"@type":"WebPage","@id":"http:\/\/www.ockendenmaternityreview.org.uk\/ku\/cile-2026-nucenameya-nuvekirine\/","url":"http:\/\/www.ockendenmaternityreview.org.uk\/ku\/cile-2026-nucenameya-nuvekirine\/","name":"\u00c7ile 2026 - N\u00fb\u00e7enameya N\u00fbvekirin\u00ea - Ockenden Review","isPartOf":{"@id":"https:\/\/www.ockendenmaternityreview.org.uk\/fa\/#website"},"datePublished":"2026-01-31T17:32:00+00:00","dateModified":"2026-03-24T14:03:27+00:00","author":{"@id":"https:\/\/www.ockendenmaternityreview.org.uk\/fa\/#\/schema\/person\/afe53890019b0131d0b5f95ffd4272e8"},"breadcrumb":{"@id":"http:\/\/www.ockendenmaternityreview.org.uk\/ku\/cile-2026-nucenameya-nuvekirine\/#breadcrumb"},"inLanguage":"ckb","potentialAction":[{"@type":"ReadAction","target":["http:\/\/www.ockendenmaternityreview.org.uk\/ku\/cile-2026-nucenameya-nuvekirine\/"]}]},{"@type":"BreadcrumbList","@id":"http:\/\/www.ockendenmaternityreview.org.uk\/ku\/cile-2026-nucenameya-nuvekirine\/#breadcrumb","itemListElement":[{"@type":"ListItem","position":1,"name":"Home","item":"https:\/\/www.ockendenmaternityreview.org.uk\/ku\/"},{"@type":"ListItem","position":2,"name":"\u00c7ile 2026 &#8211; N\u00fb\u00e7enameya N\u00fbvekirin\u00ea"}]},{"@type":"WebSite","@id":"https:\/\/www.ockendenmaternityreview.org.uk\/fa\/#website","url":"https:\/\/www.ockendenmaternityreview.org.uk\/fa\/","name":"Ockenden Review","description":"","potentialAction":[{"@type":"SearchAction","target":{"@type":"EntryPoint","urlTemplate":"https:\/\/www.ockendenmaternityreview.org.uk\/fa\/?s={search_term_string}"},"query-input":{"@type":"PropertyValueSpecification","valueRequired":true,"valueName":"search_term_string"}}],"inLanguage":"ckb"},{"@type":"Person","@id":"https:\/\/www.ockendenmaternityreview.org.uk\/fa\/#\/schema\/person\/afe53890019b0131d0b5f95ffd4272e8","name":"sam.thompson","image":{"@type":"ImageObject","inLanguage":"ckb","@id":"https:\/\/secure.gravatar.com\/avatar\/6151c61f807190486f9d13d4a43a0c097b77cad064173e1cfbdc24dc2d081674?s=96&d=mm&r=g","url":"https:\/\/secure.gravatar.com\/avatar\/6151c61f807190486f9d13d4a43a0c097b77cad064173e1cfbdc24dc2d081674?s=96&d=mm&r=g","contentUrl":"https:\/\/secure.gravatar.com\/avatar\/6151c61f807190486f9d13d4a43a0c097b77cad064173e1cfbdc24dc2d081674?s=96&d=mm&r=g","caption":"sam.thompson"},"sameAs":["http:\/\/www.ockendenmaternityreview.org.uk"],"url":"https:\/\/www.ockendenmaternityreview.org.uk\/ku\/author\/sam-thompson\/"}]}},"_links":{"self":[{"href":"https:\/\/www.ockendenmaternityreview.org.uk\/ku\/wp-json\/wp\/v2\/posts\/10217","targetHints":{"allow":["GET"]}}],"collection":[{"href":"https:\/\/www.ockendenmaternityreview.org.uk\/ku\/wp-json\/wp\/v2\/posts"}],"about":[{"href":"https:\/\/www.ockendenmaternityreview.org.uk\/ku\/wp-json\/wp\/v2\/types\/post"}],"author":[{"embeddable":true,"href":"https:\/\/www.ockendenmaternityreview.org.uk\/ku\/wp-json\/wp\/v2\/users\/1"}],"replies":[{"embeddable":true,"href":"https:\/\/www.ockendenmaternityreview.org.uk\/ku\/wp-json\/wp\/v2\/comments?post=10217"}],"version-history":[{"count":0,"href":"https:\/\/www.ockendenmaternityreview.org.uk\/ku\/wp-json\/wp\/v2\/posts\/10217\/revisions"}],"wp:attachment":[{"href":"https:\/\/www.ockendenmaternityreview.org.uk\/ku\/wp-json\/wp\/v2\/media?parent=10217"}],"wp:term":[{"taxonomy":"category","embeddable":true,"href":"https:\/\/www.ockendenmaternityreview.org.uk\/ku\/wp-json\/wp\/v2\/categories?post=10217"},{"taxonomy":"post_tag","embeddable":true,"href":"https:\/\/www.ockendenmaternityreview.org.uk\/ku\/wp-json\/wp\/v2\/tags?post=10217"}],"curies":[{"name":"wp","href":"https:\/\/api.w.org\/{rel}","templated":true}]}}